{"id":119,"date":"2025-05-18T08:30:14","date_gmt":"2025-05-18T11:30:14","guid":{"rendered":"https:\/\/totalintegral.com.br\/?p=119"},"modified":"2025-05-18T08:37:35","modified_gmt":"2025-05-18T11:37:35","slug":"o-que-e-uma-familia-da-tradicao-a-simbologia-contemporanea-do-cuidar","status":"publish","type":"post","link":"https:\/\/totalintegral.com.br\/?p=119","title":{"rendered":"O que \u00e9 uma fam\u00edlia? Da tradi\u00e7\u00e3o \u00e0 simbologia contempor\u00e2nea do cuidar"},"content":{"rendered":"<p><strong>O que define uma fam\u00edlia?<\/strong><br>Essa pergunta parece simples, mas atravessa s\u00e9culos de hist\u00f3ria, mudan\u00e7as culturais e dilemas emocionais. Da Antiguidade aos dias atuais, a fam\u00edlia se transformou \u2013 em forma, fun\u00e7\u00e3o e significado.<\/p><p>Hoje, vivemos um tempo em que o cuidado e o afeto parecem dizer mais sobre o que \u00e9 uma fam\u00edlia do que os la\u00e7os de sangue.<\/p><p><strong>\ud83d\udcdc\u00a0De hierarquia a afeto: a trajet\u00f3ria da fam\u00edlia<\/strong><\/p><p>Na Gr\u00e9cia e Roma Antiga, a fam\u00edlia era uma unidade de poder. O \u201cpai de fam\u00edlia\u201d exercia autoridade absoluta, e os membros do lar (inclusive escravizados) estavam sob seu dom\u00ednio. Mais do que afeto, a fun\u00e7\u00e3o era pol\u00edtica e econ\u00f4mica.<\/p><p>Na Idade M\u00e9dia, sob influ\u00eancia do cristianismo, a fam\u00edlia passou a ser entendida como espa\u00e7o moral e religioso. O casamento era um sacramento, e os pap\u00e9is eram r\u00edgidos: o homem como provedor, a mulher como cuidadora e os filhos como herdeiros do nome e da f\u00e9.<\/p><p>Com o Iluminismo e a Revolu\u00e7\u00e3o Industrial, surgem mudan\u00e7as: a valoriza\u00e7\u00e3o do indiv\u00edduo, a separa\u00e7\u00e3o entre lar e trabalho, e o surgimento da&nbsp;<strong>fam\u00edlia nuclear burguesa<\/strong>&nbsp;\u2013 pai, m\u00e3e, filhos. Era a fam\u00edlia como projeto de futuro, de estabilidade, de identidade.<\/p><p><strong>\ud83d\udd0d O olhar da filosofia e da sociologia<\/strong><\/p><p>Fil\u00f3sofos e soci\u00f3logos nos ajudam a compreender que a fam\u00edlia n\u00e3o \u00e9 apenas uma unidade natural ou biol\u00f3gica, mas uma&nbsp;<strong>constru\u00e7\u00e3o social atravessada por poder, valores e afetos<\/strong>.<\/p><ul class=\"wp-block-list\"><li><strong>Durkheim<\/strong>\u00a0via a fam\u00edlia como uma estrutura fundamental para a organiza\u00e7\u00e3o da vida social. Para ele, a fam\u00edlia contribui para a coes\u00e3o e estabilidade da sociedade, funcionando como um dos pilares da ordem moral coletiva.<\/li>\n\n<li><strong>Foucault<\/strong>\u00a0prop\u00f4s um olhar cr\u00edtico: a fam\u00edlia \u00e9 tamb\u00e9m uma institui\u00e7\u00e3o que disciplina e regula os corpos. Ela n\u00e3o apenas cuida, mas tamb\u00e9m\u00a0<strong>controla comportamentos, normaliza pap\u00e9is e distribui poder<\/strong>\u00a0dentro da vida cotidiana.<\/li>\n\n<li><strong>Bauman<\/strong>, com sua ideia de modernidade l\u00edquida, mostrou que os v\u00ednculos afetivos contempor\u00e2neos se tornaram mais fr\u00e1geis e negoci\u00e1veis. As rela\u00e7\u00f5es familiares, antes vistas como permanentes, passaram a ser\u00a0<strong>inst\u00e1veis, moldadas pela fluidez dos tempos modernos<\/strong>.<\/li>\n\n<li><strong>Lipovetsky<\/strong>, por sua vez, fala do\u00a0<strong>individualismo afetivo<\/strong>: vivemos numa \u00e9poca em que o amor \u00e9 visto como experi\u00eancia subjetiva e a fam\u00edlia, como\u00a0<strong>uma narrativa pessoal<\/strong>, constru\u00edda a partir da busca de realiza\u00e7\u00e3o emocional.<\/li><\/ul><p><strong><strong>\ud83c\udfe0<\/strong> Os muitos formatos do presente<\/strong><\/p><p>Hoje, h\u00e1 fam\u00edlias formadas por la\u00e7os biol\u00f3gicos, mas tamb\u00e9m por afeto, escolha, cuidado m\u00fatuo.<br>Existem fam\u00edlias monoparentais, homoafetivas, multiparentais, com filhos adotivos, com animais, com tecnologia.<br>E tamb\u00e9m h\u00e1 os que escolhem n\u00e3o ter filhos \u2013 e nem por isso deixam de viver rela\u00e7\u00f5es familiares profundas.<\/p><p>A ideia de fam\u00edlia se expandiu. Ela pode ser biol\u00f3gica, afetiva, simb\u00f3lica, provis\u00f3ria \u2013 ou tudo isso junto.<\/p><p><strong>\ud83e\udd31<\/strong><strong>&nbsp;Beb\u00eas reborn: o que estamos tentando cuidar?<\/strong><\/p><p>Talvez uma das cenas mais simb\u00f3licas do nosso tempo seja a dos&nbsp;<strong>beb\u00eas reborn<\/strong>&nbsp;\u2013 bonecos hiper-realistas, sem vida biol\u00f3gica, mas tratados como filhos.<\/p><p>Inicialmente populares em contextos geri\u00e1tricos, onde ajudam a acalmar idosos com dem\u00eancia ou solid\u00e3o extrema, os reborns passaram a ser adotados tamb\u00e9m por&nbsp;<strong>jovens adultos e adolescentes<\/strong>.<br>Muitos os alimentam simbolicamente, os levam ao pediatra, ao hospital, fazem enxoval, e compartilham tudo nas redes sociais. N\u00e3o \u00e9 apenas uma brincadeira: h\u00e1 uma rela\u00e7\u00e3o que simula \u2013 e muitas vezes substitui \u2013 o gesto de cuidar.<\/p><p>Essa cena, embora aparentemente absurda para alguns, revela algo profundo:<br>\ud83e\udde0&nbsp;<strong>o desejo de v\u00ednculo em uma \u00e9poca de v\u00ednculos fr\u00e1geis<\/strong>.<br>\u2764\ufe0f&nbsp;<strong>o instinto de cuidado em um mundo que nem sempre acolhe a vulnerabilidade<\/strong>.<br>\ud83d\udc65&nbsp;<strong>a cria\u00e7\u00e3o de v\u00ednculos simb\u00f3licos em tempos de solid\u00e3o estrutural<\/strong>.<\/p><p>Mas tamb\u00e9m levanta quest\u00f5es inquietantes:<\/p><p>Por que tantos jovens precisam recorrer a um boneco para viver a experi\u00eancia do afeto?<br>O que isso revela sobre nossas rela\u00e7\u00f5es familiares, nossas faltas e nossos medos?<br>Quando o cuidado simb\u00f3lico se torna mais seguro que o cuidado real?<\/p><p><strong>\ud83e\udde0<\/strong><strong>&nbsp;O cuidado como elo central<\/strong><\/p><p>Talvez, no fundo,&nbsp;<em>o que define uma fam\u00edlia n\u00e3o seja a gen\u00e9tica, nem a forma, nem o tempo de conviv\u00eancia<\/em>&nbsp;\u2014 mas o desejo de cuidar e ser cuidado.<br>Um elo que pode resistir ao tempo, \u00e0 aus\u00eancia, \u00e0 morte. Um gesto que se repete mesmo diante do inanimado.<\/p><p><strong>\u2753<\/strong><strong>&nbsp;E voc\u00ea?<\/strong><\/p><p>Voc\u00ea ainda define fam\u00edlia como \u201cpai, m\u00e3e e filhos\u201d?<br>Ou j\u00e1 percebe que ela pode ser um lugar onde o cuidado acontece \u2014 mesmo quando a vida, biologicamente, j\u00e1 n\u00e3o est\u00e1 mais ali?<\/p><p><\/p>","protected":false},"excerpt":{"rendered":"<p>O que define uma fam\u00edlia?Essa pergunta parece simples, mas atravessa s\u00e9culos de hist\u00f3ria, mudan\u00e7as culturais e dilemas emocionais. Da Antiguidade aos dias atuais, a fam\u00edlia se transformou \u2013 em forma, fun\u00e7\u00e3o e significado. Hoje, vivemos um tempo em que o cuidado e o afeto parecem dizer mais sobre o que \u00e9 uma fam\u00edlia do que &hellip; <\/p>\n","protected":false},"author":1,"featured_media":121,"comment_status":"open","ping_status":"open","sticky":false,"template":"","format":"standard","meta":{"_bbp_topic_count":0,"_bbp_reply_count":0,"_bbp_total_topic_count":0,"_bbp_total_reply_count":0,"_bbp_voice_count":0,"_bbp_anonymous_reply_count":0,"_bbp_topic_count_hidden":0,"_bbp_reply_count_hidden":0,"_bbp_forum_subforum_count":0,"_jetpack_memberships_contains_paid_content":false,"footnotes":""},"categories":[20,19],"tags":[47,36,42,39,37,35,43,45,46,44,41,40],"class_list":["post-119","post","type-post","status-publish","format-standard","has-post-thumbnail","hentry","category-conceitos-gerais","category-saude","tag-bebesreborn","tag-conceitodefamilia","tag-cuidado-2","tag-estruturadefamilia-2","tag-evolucaodafamilia","tag-familia","tag-filosofiadafamilia","tag-mudancassociais","tag-sociedade","tag-sociologiadafamilia","tag-vinculo","tag-vinculoafetivo","grid-sizer"],"jetpack_featured_media_url":"https:\/\/totalintegral.com.br\/wp-content\/uploads\/2025\/05\/Familia.png","jetpack_sharing_enabled":true,"_links":{"self":[{"href":"https:\/\/totalintegral.com.br\/index.php?rest_route=\/wp\/v2\/posts\/119","targetHints":{"allow":["GET"]}}],"collection":[{"href":"https:\/\/totalintegral.com.br\/index.php?rest_route=\/wp\/v2\/posts"}],"about":[{"href":"https:\/\/totalintegral.com.br\/index.php?rest_route=\/wp\/v2\/types\/post"}],"author":[{"embeddable":true,"href":"https:\/\/totalintegral.com.br\/index.php?rest_route=\/wp\/v2\/users\/1"}],"replies":[{"embeddable":true,"href":"https:\/\/totalintegral.com.br\/index.php?rest_route=%2Fwp%2Fv2%2Fcomments&post=119"}],"version-history":[{"count":2,"href":"https:\/\/totalintegral.com.br\/index.php?rest_route=\/wp\/v2\/posts\/119\/revisions"}],"predecessor-version":[{"id":122,"href":"https:\/\/totalintegral.com.br\/index.php?rest_route=\/wp\/v2\/posts\/119\/revisions\/122"}],"wp:featuredmedia":[{"embeddable":true,"href":"https:\/\/totalintegral.com.br\/index.php?rest_route=\/wp\/v2\/media\/121"}],"wp:attachment":[{"href":"https:\/\/totalintegral.com.br\/index.php?rest_route=%2Fwp%2Fv2%2Fmedia&parent=119"}],"wp:term":[{"taxonomy":"category","embeddable":true,"href":"https:\/\/totalintegral.com.br\/index.php?rest_route=%2Fwp%2Fv2%2Fcategories&post=119"},{"taxonomy":"post_tag","embeddable":true,"href":"https:\/\/totalintegral.com.br\/index.php?rest_route=%2Fwp%2Fv2%2Ftags&post=119"}],"curies":[{"name":"wp","href":"https:\/\/api.w.org\/{rel}","templated":true}]}}