{"id":103,"date":"2024-07-08T09:56:00","date_gmt":"2024-07-08T12:56:00","guid":{"rendered":"https:\/\/totalintegral.com.br\/?p=103"},"modified":"2024-07-10T16:25:25","modified_gmt":"2024-07-10T19:25:25","slug":"descubra-o-poder-do-cuidado-integral-sua-saude-em-primeiro-lugar","status":"publish","type":"post","link":"https:\/\/totalintegral.com.br\/?p=103","title":{"rendered":"Descubra o Poder do Cuidado Integral: Sua Sa\u00fade em Primeiro Lugar"},"content":{"rendered":"<p>Bem-vindo ao Total Integral, seu portal dedicado \u00e0 sa\u00fade e bem-estar! <\/p><p>Estamos aqui para ajudar voc\u00ea a viver de maneira mais saud\u00e1vel, feliz e equilibrada. E n\u00e3o h\u00e1 melhor maneira de come\u00e7ar essa jornada do que entendendo a import\u00e2ncia do cuidado integral oferecido pelo m\u00e9dico de fam\u00edlia.<\/p><p><strong>O Que \u00e9 Cuidado Integral?<\/strong><\/p><p>O cuidado integral \u00e9 uma abordagem hol\u00edstica da sa\u00fade que v\u00ea voc\u00ea como um todo, n\u00e3o apenas como um conjunto de sintomas. O m\u00e9dico de fam\u00edlia \u00e9 um profissional treinado para acompanhar sua sa\u00fade de maneira cont\u00ednua e personalizada, considerando todos os aspectos da sua vida \u2013 f\u00edsico, emocional e social.<\/p><p><strong>Por Que o M\u00e9dico de Fam\u00edlia \u00e9 Essencial?<\/strong><\/p><ol class=\"wp-block-list\" type=\"1\"><li><strong>Conhecimento Completo da Sua Hist\u00f3ria M\u00e9dica<\/strong>: O m\u00e9dico de fam\u00edlia conhece seu hist\u00f3rico de sa\u00fade, suas condi\u00e7\u00f5es cr\u00f4nicas, e at\u00e9 mesmo os desafios que voc\u00ea enfrenta no dia a dia. Isso permite um atendimento mais preciso e eficaz.<\/li><li><strong>Preven\u00e7\u00e3o \u00e9 a Chave<\/strong>: Al\u00e9m de tratar as doen\u00e7as quando elas surgem, o m\u00e9dico de fam\u00edlia foca na preven\u00e7\u00e3o. O profissional trabalha com voc\u00ea para criar estrat\u00e9gias de preven\u00e7\u00e3o, desde vacinas at\u00e9 mudan\u00e7as no estilo de vida, para que voc\u00ea possa evitar problemas de sa\u00fade no futuro.<\/li><li><strong>Coordena\u00e7\u00e3o de Cuidados<\/strong>: Quando voc\u00ea precisa de especialistas, o m\u00e9dico de fam\u00edlia coordena seu cuidado, garantindo que todos os profissionais envolvidos estejam cientes do seu quadro geral. Isso evita redund\u00e2ncias e poss\u00edveis conflitos nos tratamentos.<\/li><li><strong>Apoio Cont\u00ednuo<\/strong>: A vida \u00e9 cheia de mudan\u00e7as, e sua sa\u00fade tamb\u00e9m. O m\u00e9dico de fam\u00edlia est\u00e1 ao seu lado em todas as fases da vida, oferecendo suporte cont\u00ednuo e ajustando os cuidados conforme necess\u00e1rio.<\/li><\/ol><p><strong>A Rela\u00e7\u00e3o de Confian\u00e7a<\/strong><\/p><p>Um dos maiores benef\u00edcios de ter um m\u00e9dico de fam\u00edlia \u00e9 a rela\u00e7\u00e3o de confian\u00e7a que se constr\u00f3i ao longo do tempo. Essa rela\u00e7\u00e3o proporciona um ambiente seguro onde voc\u00ea pode discutir suas preocupa\u00e7\u00f5es abertamente, sabendo que seu m\u00e9dico est\u00e1 l\u00e1 para ouvir e ajudar.<\/p><p><strong>Sua Sa\u00fade \u00e9 um Investimento<\/strong><\/p><p>Investir na sua sa\u00fade \u00e9 a decis\u00e3o mais s\u00e1bia que voc\u00ea pode tomar, e ter um m\u00e9dico de fam\u00edlia ao seu lado \u00e9 um passo crucial nessa dire\u00e7\u00e3o. Eles n\u00e3o apenas tratam doen\u00e7as, mas tamb\u00e9m ajudam voc\u00ea a tomar decis\u00f5es informadas para melhorar sua qualidade de vida.<\/p><p><strong>Comece Hoje<\/strong><\/p><p>N\u00e3o espere at\u00e9 que surja um problema de sa\u00fade para procurar ajuda. Marque uma consulta com um m\u00e9dico de fam\u00edlia e comece a jornada para uma vida mais saud\u00e1vel e equilibrada. No Total Integral, estamos aqui para apoiar voc\u00ea em cada etapa desse caminho.<\/p><p>Junte-se a n\u00f3s e descubra como o cuidado integral pode transformar sua sa\u00fade e sua vida! <strong><a href=\"https:\/\/totalintegral.com.br\/?page_id=57\" target=\"_blank\" rel=\"noreferrer noopener\">Clique aqui <\/a><\/strong>para marcar uma consulta.<\/p>","protected":false},"excerpt":{"rendered":"<p>Conhe\u00e7a um pouco sobre o cuidado integral e o papel do m\u00e9dico de fam\u00edlia<\/p>\n","protected":false},"author":1,"featured_media":104,"comment_status":"closed","ping_status":"open","sticky":false,"template":"","format":"standard","meta":{"_bbp_topic_count":0,"_bbp_reply_count":0,"_bbp_total_topic_count":0,"_bbp_total_reply_count":0,"_bbp_voice_count":0,"_bbp_anonymous_reply_count":0,"_bbp_topic_count_hidden":0,"_bbp_reply_count_hidden":0,"_bbp_forum_subforum_count":0,"_jetpack_memberships_contains_paid_content":false,"footnotes":""},"categories":[20,19],"tags":[27,28,26,31,21,30,23,22,25,29],"class_list":["post-103","post","type-post","status-publish","format-standard","has-post-thumbnail","hentry","category-conceitos-gerais","category-saude","tag-apoio","tag-confianca","tag-coordenacao-do-cuidado","tag-cuidado","tag-cuidado-integral","tag-medicina","tag-medico-de-familia","tag-mfc","tag-prevencao","tag-saude","grid-sizer"],"jetpack_featured_media_url":"https:\/\/totalintegral.com.br\/wp-content\/uploads\/2024\/07\/Cuidado-Integral-Profissional-de-Sa\u00fade.png","jetpack_sharing_enabled":true,"_links":{"self":[{"href":"https:\/\/totalintegral.com.br\/index.php?rest_route=\/wp\/v2\/posts\/103","targetHints":{"allow":["GET"]}}],"collection":[{"href":"https:\/\/totalintegral.com.br\/index.php?rest_route=\/wp\/v2\/posts"}],"about":[{"href":"https:\/\/totalintegral.com.br\/index.php?rest_route=\/wp\/v2\/types\/post"}],"author":[{"embeddable":true,"href":"https:\/\/totalintegral.com.br\/index.php?rest_route=\/wp\/v2\/users\/1"}],"replies":[{"embeddable":true,"href":"https:\/\/totalintegral.com.br\/index.php?rest_route=%2Fwp%2Fv2%2Fcomments&post=103"}],"version-history":[{"count":3,"href":"https:\/\/totalintegral.com.br\/index.php?rest_route=\/wp\/v2\/posts\/103\/revisions"}],"predecessor-version":[{"id":110,"href":"https:\/\/totalintegral.com.br\/index.php?rest_route=\/wp\/v2\/posts\/103\/revisions\/110"}],"wp:featuredmedia":[{"embeddable":true,"href":"https:\/\/totalintegral.com.br\/index.php?rest_route=\/wp\/v2\/media\/104"}],"wp:attachment":[{"href":"https:\/\/totalintegral.com.br\/index.php?rest_route=%2Fwp%2Fv2%2Fmedia&parent=103"}],"wp:term":[{"taxonomy":"category","embeddable":true,"href":"https:\/\/totalintegral.com.br\/index.php?rest_route=%2Fwp%2Fv2%2Fcategories&post=103"},{"taxonomy":"post_tag","embeddable":true,"href":"https:\/\/totalintegral.com.br\/index.php?rest_route=%2Fwp%2Fv2%2Ftags&post=103"}],"curies":[{"name":"wp","href":"https:\/\/api.w.org\/{rel}","templated":true}]}}